[{"@context":"https:\/\/schema.org\/","@type":"Article","@id":"https:\/\/www.juratex.cz\/pro-nekoho-sice-starost-ale-i-to-se-muze-zmenit\/#Article","mainEntityOfPage":"https:\/\/www.juratex.cz\/pro-nekoho-sice-starost-ale-i-to-se-muze-zmenit\/","headline":"Pro n\u011bkoho sice starost, ale i to se m\u016f\u017ee zm\u011bnit","name":"Pro n\u011bkoho sice starost, ale i to se m\u016f\u017ee zm\u011bnit","description":"Pokud pat\u0159\u00edte k nev\u011bst\u00e1m, kter\u00e9 v\u00fdb\u011br sv\u00fdch svatebn\u00edch \u0161at\u016f berou sp\u00ed\u0161e jako jednu z dal\u0161\u00edch povinnost\u00ed, kter\u00e9 je nutn\u00e9 opat\u0159it, aby na den, kdy \u0159ekneme sv\u016fj slib, bylo v\u0161e perfektn\u00ed, tak je na \u010dase, abyste co nejd\u0159\u00edve zav\u00edtali p\u0159\u00edmo k n\u00e1m. I pro lidi, pro kter\u00e9 m\u016f\u017ee b\u00fdt takov\u00fd v\u00fdb\u011br pouhou starost\u00ed, se m\u016f\u017ee v\u0161e [&hellip;]","datePublished":"2023-09-17","dateModified":"2023-09-17","author":{"@type":"Person","@id":"https:\/\/www.juratex.cz\/author\/#Person","name":"","url":"https:\/\/www.juratex.cz\/author\/","identifier":1,"image":{"@type":"ImageObject","@id":"https:\/\/secure.gravatar.com\/avatar\/0c4621640b5c0734669aeb181ef77969b528487727344f28e734a206566ea0f1?s=96&d=mm&r=g","url":"https:\/\/secure.gravatar.com\/avatar\/0c4621640b5c0734669aeb181ef77969b528487727344f28e734a206566ea0f1?s=96&d=mm&r=g","height":96,"width":96}},"publisher":{"@type":"Organization","name":"juratex.cz","logo":{"@type":"ImageObject","@id":"\/logo.png","url":"\/logo.png","width":600,"height":60}},"url":"https:\/\/www.juratex.cz\/pro-nekoho-sice-starost-ale-i-to-se-muze-zmenit\/","wordCount":287,"articleBody":"Pokud pat\u0159\u00edte k nev\u011bst\u00e1m, kter\u00e9 v\u00fdb\u011br sv\u00fdch svatebn\u00edch \u0161at\u016f berou sp\u00ed\u0161e jako jednu z dal\u0161\u00edch povinnost\u00ed, kter\u00e9 je nutn\u00e9 opat\u0159it, aby na den, kdy \u0159ekneme sv\u016fj slib, bylo v\u0161e perfektn\u00ed, tak je na \u010dase, abyste co nejd\u0159\u00edve zav\u00edtali p\u0159\u00edmo k n\u00e1m. I pro lidi, pro kter\u00e9 m\u016f\u017ee b\u00fdt takov\u00fd v\u00fdb\u011br pouhou starost\u00ed, se m\u016f\u017ee v\u0161e zm\u011bnit v nejkouzeln\u011bj\u0161\u00ed zkou\u0161ku a v\u00fdb\u011br v jeho \u017eivot\u011b. Proto byste si m\u011bli organizaci tohoto dne u\u017e\u00edt a vyzkou\u0161et si ty nejkr\u00e1sn\u011bj\u0161\u00ed kousky, kter\u00e9 m\u00e1me p\u0159ipraven\u00e9 p\u0159\u00edmo u n\u00e1s pro ty nejkr\u00e1sn\u011bj\u0161\u00ed nev\u011bsty.Spl\u0148te si i ty nejn\u00e1ro\u010dn\u011bj\u0161\u00ed sny a u\u017eijte si sv\u016fj velk\u00fd denSvatebn\u00ed \u0161aty. To je n\u011bco, na co se ka\u017ed\u00e1 nev\u011bsta t\u011b\u0161\u00ed nejv\u00edce a proto by jej\u00ed rozhodnut\u00ed m\u011blo b\u00fdt opravdu velmi dob\u0159e promy\u0161len\u00e9. Ka\u017ed\u00e1 nast\u00e1vaj\u00edc\u00ed nev\u011bsta m\u00e1 toti\u017e p\u0159esn\u011b vysn\u011bn\u00e9 to, co bude m\u00edt na sob\u011b a je opravdu t\u011b\u017ek\u00e9 naj\u00edt p\u0159esn\u011b ty, kter\u00e9 si opravdu p\u0159eje nejv\u00edce. Zaru\u010dujeme v\u00e1m, \u017ee na\u0161e spole\u010dnost nab\u00edz\u00ed ty nejexkluzivn\u011bj\u0161\u00ed kousky a vzhledem k po\u010dtu kus\u016f, kter\u00e9 p\u016fj\u010dujeme, jsme si jisti, \u017ee si u n\u00e1s vybere \u017eena i s t\u011bmi nejn\u00e1ro\u010dn\u011bj\u0161\u00edmi po\u017eadavky, kter\u00e9 si jen dovedete p\u0159edstavit. Proto nev\u00e1hejte a kontaktujte n\u00e1s nebo n\u00e1s nav\u0161tivte v n\u011bkter\u00e9 z na\u0161ich pobo\u010dek.                                                                                                                                                                                                                                                                                                                                                                                        4.5\/5 - (11 votes)        "},{"@context":"https:\/\/schema.org\/","@type":"BreadcrumbList","itemListElement":[{"@type":"ListItem","position":1,"name":"Pro n\u011bkoho sice starost, ale i to se m\u016f\u017ee zm\u011bnit","item":"https:\/\/www.juratex.cz\/pro-nekoho-sice-starost-ale-i-to-se-muze-zmenit\/#breadcrumbitem"}]}]