[{"@context":"https:\/\/schema.org\/","@type":"Article","@id":"https:\/\/www.juratex.cz\/plany-na-pristi-leto\/#Article","mainEntityOfPage":"https:\/\/www.juratex.cz\/plany-na-pristi-leto\/","headline":"Pl\u00e1ny na p\u0159\u00ed\u0161t\u00ed l\u00e9to","name":"Pl\u00e1ny na p\u0159\u00ed\u0161t\u00ed l\u00e9to","description":"V tuto chv\u00edli l\u00e9to je\u0161t\u011b neskon\u010dilo a do za\u010d\u00e1tku \u0161koln\u00edho roku zb\u00fdvaj\u00ed dokonce cel\u00e9 dva t\u00fddny. P\u0159esto m\u00e1 ji\u017e mnoho lid\u00ed letn\u00ed dovolenou za sebou a sp\u00ed\u0161e se za\u010d\u00edn\u00e1 chystat na nadch\u00e1zej\u00edc\u00ed n\u00e1vrat d\u011bt\u00ed do \u0161koln\u00edch lavic a povinnosti s t\u00edm spojen\u00e9. Ka\u017ed\u00fd rok to b\u00fdv\u00e1 stejn\u00e9, t\u011b\u0161\u00edme se, pl\u00e1nujeme a ne\u017e se nad\u011bjeme, m\u00e1me [&hellip;]","datePublished":"2025-07-16","dateModified":"2025-07-16","author":{"@type":"Person","@id":"https:\/\/www.juratex.cz\/author\/#Person","name":"","url":"https:\/\/www.juratex.cz\/author\/","identifier":1,"image":{"@type":"ImageObject","@id":"https:\/\/secure.gravatar.com\/avatar\/0c4621640b5c0734669aeb181ef77969b528487727344f28e734a206566ea0f1?s=96&d=mm&r=g","url":"https:\/\/secure.gravatar.com\/avatar\/0c4621640b5c0734669aeb181ef77969b528487727344f28e734a206566ea0f1?s=96&d=mm&r=g","height":96,"width":96}},"publisher":{"@type":"Organization","name":"juratex.cz","logo":{"@type":"ImageObject","@id":"\/logo.png","url":"\/logo.png","width":600,"height":60}},"image":{"@type":"ImageObject","@id":"https:\/\/www.juratex.cz\/wp-content\/uploads\/bedroom-1737167_640_1.jpg","url":"https:\/\/www.juratex.cz\/wp-content\/uploads\/bedroom-1737167_640_1.jpg","height":0,"width":0},"url":"https:\/\/www.juratex.cz\/plany-na-pristi-leto\/","about":["Slu\u017eby"],"wordCount":417,"articleBody":"        V tuto chv\u00edli l\u00e9to je\u0161t\u011b neskon\u010dilo a do za\u010d\u00e1tku \u0161koln\u00edho roku zb\u00fdvaj\u00ed dokonce cel\u00e9 dva t\u00fddny. P\u0159esto m\u00e1 ji\u017e mnoho lid\u00ed letn\u00ed dovolenou za sebou a sp\u00ed\u0161e se za\u010d\u00edn\u00e1 chystat na nadch\u00e1zej\u00edc\u00ed n\u00e1vrat d\u011bt\u00ed do \u0161koln\u00edch lavic a povinnosti s t\u00edm spojen\u00e9. Ka\u017ed\u00fd rok to b\u00fdv\u00e1 stejn\u00e9, t\u011b\u0161\u00edme se, pl\u00e1nujeme a ne\u017e se nad\u011bjeme, m\u00e1me dovolenou, v\u00fdlety i v\u0161echny letn\u00ed radosti za sebou a op\u011bt n\u00e1s \u010dek\u00e1 jen pr\u00e1ce, dom\u00e1cnost a \u0161kola. Tento n\u00e1raz b\u00fdv\u00e1 nesnadn\u00fd a n\u011bkter\u00fdm jedinc\u016fm m\u016f\u017ee zp\u016fsobovat a\u017e \u00fazkosti \u010di deprese. Nemus\u00edme to ale nechat zaj\u00edt a\u017e tak daleko. Jednou z mo\u017enost\u00ed je za\u010d\u00edt pl\u00e1novat dovolenou na p\u0159\u00ed\u0161t\u00ed pr\u00e1zdniny. Samotn\u00e9 pl\u00e1nov\u00e1n\u00ed a vym\u00fd\u0161len\u00ed je stejn\u011b v\u017edy tou nejlep\u0161\u00ed f\u00e1z\u00ed, proto\u017ee umo\u017e\u0148uje t\u011b\u0161en\u00ed a sny, kter\u00e9 realitu t\u0159eba ob\u010das i p\u0159ekonaj\u00ed a neumo\u017e\u0148uj\u00ed ne\u00fasp\u011bch. Tak tedy, kam se p\u0159\u00ed\u0161t\u00ed rok vyd\u00e1te? Pojedete do zahrani\u010d\u00ed, nebo rad\u011bji budete \u010das tr\u00e1vit v r\u00e1mci \u010cesk\u00e9 republiky? N\u011bkdo se sna\u017e\u00ed za ka\u017edou cenu vycestovat p\u0159es hranice. Uji\u0161\u0165uji v\u00e1s ale, \u017ee to v\u016fbec nen\u00ed nutn\u00e9. Tuzemsk\u00e1 dovolen\u00e1 zaji\u0161\u0165uje ni\u017e\u0161\u00ed ceny, snadn\u011bj\u0161\u00ed pl\u00e1nov\u00e1n\u00ed a p\u0159edev\u0161\u00edm i z\u00e1sadn\u011b jednodu\u0161\u0161\u00ed cestov\u00e1n\u00ed s d\u011btmi.Nav\u00edc v \u010cesku si m\u016f\u017eete vybrat z r\u016fzn\u00fdch druh\u016f krajiny, http:\/\/www.allposters.cz\/-st\/Krajiny-Plakaty_c906_.htm  mno\u017estv\u00ed pam\u00e1tek, koup\u00e1n\u00ed a druh\u016f ubytov\u00e1n\u00ed, od stanov\u00e1n\u00ed v kempu, p\u0159es rodinnou chatu v les\u00edch, a\u017e po luxusn\u00ed ubytov\u00e1n\u00ed v hotelu s wellness centrem. Velmi kr\u00e1snou mo\u017enost\u00ed je n\u00e1v\u0161t\u011bva Vranova nad Dyj\u00ed. Pokud hled\u00e1te Vranov nad Dyj\u00ed ubytov\u00e1n\u00ed s d\u011btmi, pak je pro v\u00e1s ide\u00e1ln\u00ed p\u0159\u00edle\u017eitost\u00ed penzion Ben\u00e1tky 214. Zde si vyberou jako samostatn\u00e9 p\u00e1ry, tak velk\u00e9 rodiny s v\u00edce d\u011btmi. M\u016f\u017eete se ubytovat ve studiu \u010di apartm\u00e1nu, kter\u00e9 jsou v\u0161echny n\u00e1dhern\u011b a modern\u011b vybaveny, maj\u00ed vlastn\u00ed terasu, venkovn\u00ed posezen\u00ed s v\u00fdhledem na z\u00e1mek, rychl\u00e9 wi-fi p\u0159ipojen\u00ed i zdarma parkov\u00e1n\u00ed. V penzionu se nach\u00e1z\u00ed vyhl\u00e1\u0161en\u00e1 restaurace i men\u0161\u00ed wellness pro ve\u010dern\u00ed relaxaci a pohodu.                                                                                                                                                                                                                                                                                                                                                                                          4.3\/5 - (3 votes)        "},{"@context":"https:\/\/schema.org\/","@type":"BreadcrumbList","itemListElement":[{"@type":"ListItem","position":1,"name":"Pl\u00e1ny na p\u0159\u00ed\u0161t\u00ed l\u00e9to","item":"https:\/\/www.juratex.cz\/plany-na-pristi-leto\/#breadcrumbitem"}]}]