[{"@context":"https:\/\/schema.org\/","@type":"Article","@id":"https:\/\/www.juratex.cz\/opravdu-uz-neni-muze-treba\/#Article","mainEntityOfPage":"https:\/\/www.juratex.cz\/opravdu-uz-neni-muze-treba\/","headline":"Opravdu u\u017e nen\u00ed mu\u017ee t\u0159eba?","name":"Opravdu u\u017e nen\u00ed mu\u017ee t\u0159eba?","description":"Je\u0161t\u011b p\u0159ed sto lety by si nikdo nedok\u00e1zal p\u0159edstavit, \u017ee by snad postaven\u00ed mu\u017ee, ve sv\u011btov\u00e9 spole\u010dnosti b\u00edl\u00e9ho mu\u017ee, bude n\u011bkdy n\u011b\u010d\u00edm n\u011bjak ohro\u017eeno. Samoz\u0159ejm\u011b, \u017ee u\u017e v\u00a0t\u00e9 dob\u011b se pot\u00fdkali mu\u017ei nap\u0159\u00edklad s\u00a0ran\u00fdmi feministkami, kter\u00e9 se do\u017eadovaly rovn\u00e9ho hlasovac\u00edho pr\u00e1va a stejn\u00fdch pr\u00e1v jako maj\u00ed mu\u017ei. Dnes se ji\u017e v\u0161ichni shodneme, po v\u00edce ne\u017e [&hellip;]","datePublished":"2023-05-07","dateModified":"2023-05-07","author":{"@type":"Person","@id":"https:\/\/www.juratex.cz\/author\/#Person","name":"","url":"https:\/\/www.juratex.cz\/author\/","identifier":1,"image":{"@type":"ImageObject","@id":"https:\/\/secure.gravatar.com\/avatar\/0c4621640b5c0734669aeb181ef77969b528487727344f28e734a206566ea0f1?s=96&d=mm&r=g","url":"https:\/\/secure.gravatar.com\/avatar\/0c4621640b5c0734669aeb181ef77969b528487727344f28e734a206566ea0f1?s=96&d=mm&r=g","height":96,"width":96}},"publisher":{"@type":"Organization","name":"juratex.cz","logo":{"@type":"ImageObject","@id":"\/logo.png","url":"\/logo.png","width":600,"height":60}},"image":{"@type":"ImageObject","@id":"https:\/\/www.juratex.cz\/wp-content\/uploads\/img_a310547_w1889_t1521492974.jpg","url":"https:\/\/www.juratex.cz\/wp-content\/uploads\/img_a310547_w1889_t1521492974.jpg","height":0,"width":0},"url":"https:\/\/www.juratex.cz\/opravdu-uz-neni-muze-treba\/","wordCount":431,"articleBody":"Je\u0161t\u011b p\u0159ed sto lety by si nikdo nedok\u00e1zal p\u0159edstavit, \u017ee by snad postaven\u00ed mu\u017ee, ve sv\u011btov\u00e9 spole\u010dnosti b\u00edl\u00e9ho mu\u017ee, bude n\u011bkdy n\u011b\u010d\u00edm n\u011bjak ohro\u017eeno. Samoz\u0159ejm\u011b, \u017ee u\u017e v\u00a0t\u00e9 dob\u011b se pot\u00fdkali mu\u017ei nap\u0159\u00edklad s\u00a0ran\u00fdmi feministkami, kter\u00e9 se do\u017eadovaly rovn\u00e9ho hlasovac\u00edho pr\u00e1va a stejn\u00fdch pr\u00e1v jako maj\u00ed mu\u017ei. Dnes se ji\u017e v\u0161ichni shodneme, po v\u00edce ne\u017e sto letech, \u017ee \u017eeny ta pr\u00e1va opravdu stejn\u00e1 maj\u00ed. Samoz\u0159ejm\u011b, je bl\u00e1hov\u00e9 myslet si, \u017ee v\u00a0\u017eivotn\u00edm \u00fad\u011blu si n\u011bkdy budeme v\u0161ichni rovni, to se nikdy nestane a nikdy tak nebude. P\u0159\u00edroda sama stvo\u0159ila \u017eeny se sv\u00fdmi probl\u00e9my a mu\u017ee se sv\u00fdmi.\u00a0\tByla by politika lid\u0161t\u011bj\u0161\u00ed?Je dobr\u00e9 si p\u0159ipomenout posledn\u00edch p\u00e1r tis\u00edc let, kdy vep\u0159edu byly doopravdy pouze mu\u017ei. Krom\u011b nekone\u010dn\u00fdch v\u00e1lek a vz\u00e1jemn\u00e9ho podrobov\u00e1n\u00ed jsme si toho moc neu\u017eili, tedy alespo\u0148, pokud se na historii d\u00edv\u00e1me z\u00a0pohledu co nejobjektivn\u011bj\u0161\u00edho kritika. Mu\u017esk\u00e1 vl\u00e1da tak n\u011bjak p\u0159irozen\u011b vede ke sout\u011b\u017eivosti, hierarchick\u00e9mu uspo\u0159\u00e1d\u00e1n\u00ed, k\u00a0por\u00e1\u017ece a v\u00edt\u011bzi. I kdy\u017e n\u011bkte\u0159\u00ed politici sv\u00e9 fyzick\u00e9 svalstvo d\u00e1vno ztratili, je\u0161t\u011b st\u00e1le dok\u00e1\u017e\u00ed plivat jed jazykem. Byla by \u017eena na takov\u00e9mto postu lep\u0161\u00edm kandid\u00e1tem pro sv\u011btov\u00fd m\u00edr a celospole\u010denskou spolupr\u00e1ci? Mo\u017en\u00e1, \u017ee p\u0159ece jen jsou \u017eeny trochu p\u0159izp\u016fsoben\u011bj\u0161\u00ed k\u00a0administrativ\u011b.\u00a0\tJak doma, tak ve st\u00e1t\u011bJe\u0161t\u011b st\u00e1le m\u016f\u017eete vid\u011bt star\u0161\u00ed p\u00e1ry, kde sice mu\u017e pracuje, ale doma u\u017e to takov\u00e1 bojovn\u00e1 sl\u00e1va nen\u00ed, zat\u00edmco \u017eena se star\u00e1 jak o finance, tak o chod dom\u00e1cnosti, tak o d\u011bti, a je\u0161t\u011b k\u00a0tomu p\u0159id\u00e1v\u00e1 \u010dasto svoji vlastn\u00ed pr\u00e1ci. Nebyla by \u017eena p\u0159ece jen lep\u0161\u00ed administr\u00e1tor ne\u017e mu\u017e?\u00a0\tKdy\u017e se jde do v\u00e1lkyKv\u016fli neolitick\u00e9 revoluci, kdy ko\u0159istn\u00edci a sb\u011bra\u010di p\u0159e\u0161li k\u00a0ust\u00e1len\u00e9mu stylu \u017eivota, vyvstala na povrch role mu\u017ee jako ochr\u00e1nce a v\u00e1le\u010dn\u00edka, od t\u00e9 doby se tam dr\u017e\u00ed a st\u00e1le tam je\u0161t\u011b je. Je mo\u017en\u00e9, aby se tato tis\u00edcilet\u00e1 tradice nakonec zlomila? To u\u017e nech\u00e1v\u00e1me na \u010dten\u00e1\u0159i, kter\u00fd s\u00e1m mus\u00ed posoudit.                                                                                                                                                                                                                                                                                                                                                                                        4.3\/5 - (3 votes)        "},{"@context":"https:\/\/schema.org\/","@type":"BreadcrumbList","itemListElement":[{"@type":"ListItem","position":1,"name":"Opravdu u\u017e nen\u00ed mu\u017ee t\u0159eba?","item":"https:\/\/www.juratex.cz\/opravdu-uz-neni-muze-treba\/#breadcrumbitem"}]}]