[{"@context":"https:\/\/schema.org\/","@type":"Article","@id":"https:\/\/www.juratex.cz\/mit-koberec-je-skvele\/#Article","mainEntityOfPage":"https:\/\/www.juratex.cz\/mit-koberec-je-skvele\/","headline":"M\u00edt koberec je skv\u011bl\u00e9","name":"M\u00edt koberec je skv\u011bl\u00e9","description":"Pt\u00e1te se, pro\u010d je dobr\u00e9 m\u00edt doma koberce? D\u016fvod\u016f je hned n\u011bkolik. V\u011bt\u0161ina lid\u00ed si je po\u0159izuje proto, \u017ee necht\u011bj\u00ed doma chodit v p\u0159ez\u016fvk\u00e1ch, ale cht\u011bj\u00ed sv\u00fdm noh\u00e1m ulevit a chodit bosky nebo jen v pono\u017ek\u00e1ch. Na studen\u00e9 kluzk\u00e9 podlaze to ale moc dob\u0159e nejde. Hroz\u00ed nastydnut\u00ed nebo dokonce i \u00faraz. Koberec tak\u00e9 vytv\u00e1\u0159\u00ed p\u0159\u00edjemnou [&hellip;]","datePublished":"2024-12-20","dateModified":"2024-12-20","author":{"@type":"Person","@id":"https:\/\/www.juratex.cz\/author\/#Person","name":"","url":"https:\/\/www.juratex.cz\/author\/","identifier":1,"image":{"@type":"ImageObject","@id":"https:\/\/secure.gravatar.com\/avatar\/0c4621640b5c0734669aeb181ef77969b528487727344f28e734a206566ea0f1?s=96&d=mm&r=g","url":"https:\/\/secure.gravatar.com\/avatar\/0c4621640b5c0734669aeb181ef77969b528487727344f28e734a206566ea0f1?s=96&d=mm&r=g","height":96,"width":96}},"publisher":{"@type":"Organization","name":"juratex.cz","logo":{"@type":"ImageObject","@id":"\/logo.png","url":"\/logo.png","width":600,"height":60}},"url":"https:\/\/www.juratex.cz\/mit-koberec-je-skvele\/","wordCount":248,"articleBody":"Pt\u00e1te se, pro\u010d je dobr\u00e9 m\u00edt doma koberce? D\u016fvod\u016f je hned n\u011bkolik. V\u011bt\u0161ina lid\u00ed si je po\u0159izuje proto, \u017ee necht\u011bj\u00ed doma chodit v p\u0159ez\u016fvk\u00e1ch, ale cht\u011bj\u00ed sv\u00fdm noh\u00e1m ulevit a chodit bosky nebo jen v pono\u017ek\u00e1ch. Na studen\u00e9 kluzk\u00e9 podlaze to ale moc dob\u0159e nejde. Hroz\u00ed nastydnut\u00ed nebo dokonce i \u00faraz. Koberec tak\u00e9 vytv\u00e1\u0159\u00ed p\u0159\u00edjemnou plochu, pro hran\u00ed va\u0161ich d\u011bt\u00ed. Na podlaze je nenech\u00e1te se v\u00e1let, ale na m\u011bkk\u00e9m tepl\u00e9m koberci? Ten k tomu p\u0159ece p\u0159\u00edmo vyb\u00edz\u00ed. A posledn\u00edm d\u016fvodem, je d\u016fvod estetick\u00fd. V\u017edy\u0165 dob\u0159e zvolen\u00fd podlahov\u00fd dopln\u011bk m\u016f\u017ee ka\u017ed\u00fd pokoj zcela prom\u011bnit. Nov\u00fdm kobercem ud\u011bl\u00e1te z ji\u017e okoukan\u00e9ho interi\u00e9ru n\u00e1hle interi\u00e9r modern\u00ed. Mnoho barev a motiv\u016f za skv\u011bl\u00e9 ceny Modern\u00ed koberce jsou tu pro ka\u017ed\u00e9ho, kdo chce zm\u011bnu. Pro ka\u017ed\u00e9ho, kdo si chce doma u\u017e\u00edvat tepl\u00e9ho a m\u011bkk\u00e9ho podkladu. Jejich v\u00fdb\u011br je \u0161irok\u00fd, a kdy\u017e v\u00e1m \u0159ekneme, \u017ee jsme na\u0161e u\u017e tak p\u0159\u00edzniv\u00e9 ceny sn\u00ed\u017eily, jist\u011b zaj\u00e1s\u00e1te. Z velk\u00e9ho v\u00fdb\u011bru barev a motiv\u016f si jist\u011b vyberete takov\u00fd, kter\u00fd se bude ve va\u0161em byt\u011b skv\u011ble vyj\u00edmat. Tak nev\u00e1hejte a pod\u00edvejte se na na\u0161i nab\u00eddku.                                                                                                                                                                                                                                                                                                                                                                                        4.3\/5 - (3 votes)        "},{"@context":"https:\/\/schema.org\/","@type":"BreadcrumbList","itemListElement":[{"@type":"ListItem","position":1,"name":"M\u00edt koberec je skv\u011bl\u00e9","item":"https:\/\/www.juratex.cz\/mit-koberec-je-skvele\/#breadcrumbitem"}]}]