[{"@context":"https:\/\/schema.org\/","@type":"Article","@id":"https:\/\/www.juratex.cz\/marketing-jste-povazoval-za-zbytecnost\/#Article","mainEntityOfPage":"https:\/\/www.juratex.cz\/marketing-jste-povazoval-za-zbytecnost\/","headline":"Marketing jste pova\u017eoval za zbyte\u010dnost","name":"Marketing jste pova\u017eoval za zbyte\u010dnost","description":"Reklamn\u00ed textil si V\u00e1s okam\u017eit\u011b z\u00edskal. Je\u0161t\u011b p\u0159ed \u010dasem jste v\u0161ak m\u011bl na tyto v\u011bci zcela odli\u0161n\u00fd n\u00e1zor. Marketing jste pova\u017eoval za zbyte\u010dnost. Nezaj\u00edmala V\u00e1s n\u011bjak\u00e1 nudn\u00e1 propagace v\u00fdrobk\u016f a slu\u017eeb. Potom jste na tom za\u010dal b\u00fdt hodn\u011b \u0161patn\u011b. Tr\u017eby prost\u011b nebyly. Zalekl jste se. Necht\u011bl jste podnik\u00e1n\u00ed pov\u011bsit na h\u0159eb\u00edk. Rozjel jste s jedn\u00edm [&hellip;]","datePublished":"2024-12-28","dateModified":"2024-12-28","author":{"@type":"Person","@id":"https:\/\/www.juratex.cz\/author\/#Person","name":"","url":"https:\/\/www.juratex.cz\/author\/","identifier":1,"image":{"@type":"ImageObject","@id":"https:\/\/secure.gravatar.com\/avatar\/0c4621640b5c0734669aeb181ef77969b528487727344f28e734a206566ea0f1?s=96&d=mm&r=g","url":"https:\/\/secure.gravatar.com\/avatar\/0c4621640b5c0734669aeb181ef77969b528487727344f28e734a206566ea0f1?s=96&d=mm&r=g","height":96,"width":96}},"publisher":{"@type":"Organization","name":"juratex.cz","logo":{"@type":"ImageObject","@id":"\/logo.png","url":"\/logo.png","width":600,"height":60}},"url":"https:\/\/www.juratex.cz\/marketing-jste-povazoval-za-zbytecnost\/","wordCount":170,"articleBody":"Reklamn\u00ed textil si V\u00e1s okam\u017eit\u011b z\u00edskal. Je\u0161t\u011b p\u0159ed \u010dasem jste v\u0161ak m\u011bl na tyto v\u011bci zcela odli\u0161n\u00fd n\u00e1zor. Marketing jste pova\u017eoval za zbyte\u010dnost. Nezaj\u00edmala V\u00e1s n\u011bjak\u00e1 nudn\u00e1 propagace v\u00fdrobk\u016f a slu\u017eeb. Potom jste na tom za\u010dal b\u00fdt hodn\u011b \u0161patn\u011b. Tr\u017eby prost\u011b nebyly. Zalekl jste se. Necht\u011bl jste podnik\u00e1n\u00ed pov\u011bsit na h\u0159eb\u00edk. Rozjel jste s jedn\u00edm skv\u011bl\u00fdm profesion\u00e1lem rozs\u00e1hlou marketingovou kampa\u0148 a Va\u0161e podnik\u00e1n\u00ed jste zachr\u00e1nil. Propagaci Va\u0161ich slu\u017eeb \u0159e\u0161\u00edte neust\u00e1le Reklamn\u00ed textil je vhodn\u00fd doopravdy pro ka\u017ed\u00e9ho podnikatele. Jste si toho v\u011bdom. Nikdy jste nech\u00e1pal jedince, kte\u0159\u00ed neinvestuj\u00ed \u017e\u00e1dn\u00e9 pen\u00edze do propagace. To nen\u00ed rozhodn\u011b V\u00e1\u0161 p\u0159\u00edpad. Propagac\u00ed a marketingem prost\u011b \u017eijete. Neust\u00e1le vym\u00fd\u0161l\u00edte n\u011bjak\u00e9 zaj\u00edmav\u00e9 marketingov\u00e9 akce, kter\u00e9 V\u00e1m pom\u00e1haj\u00ed z\u00edsk\u00e1vat nov\u00e9 z\u00e1kazn\u00edky.                                                                                                                                                                                                                                                                                                                                                                                        4.7\/5 - (6 votes)        "},{"@context":"https:\/\/schema.org\/","@type":"BreadcrumbList","itemListElement":[{"@type":"ListItem","position":1,"name":"Marketing jste pova\u017eoval za zbyte\u010dnost","item":"https:\/\/www.juratex.cz\/marketing-jste-povazoval-za-zbytecnost\/#breadcrumbitem"}]}]