{"@context":"https:\/\/schema.org\/","@type":"CollectionPage","@id":"https:\/\/www.juratex.cz\/dum-a-zahrada\/#CollectionPage","headline":"D\u016fm a zahrada Category","description":"","url":"https:\/\/www.juratex.cz\/dum-a-zahrada\/","hasPart":[{"@type":"Article","@id":"https:\/\/www.juratex.cz\/azalka-kralovna-vresoviste\/","headline":"Azalka, kr\u00e1lovna v\u0159esovi\u0161t\u011b","url":"https:\/\/www.juratex.cz\/azalka-kralovna-vresoviste\/","datePublished":"2023-05-07","dateModified":"2023-05-07","mainEntityOfPage":"https:\/\/www.juratex.cz\/azalka-kralovna-vresoviste\/","author":{"@type":"Person","@id":"https:\/\/www.juratex.cz\/author\/#Person","name":"","url":"https:\/\/www.juratex.cz\/author\/","identifier":1,"image":{"@type":"ImageObject","@id":"https:\/\/secure.gravatar.com\/avatar\/0c4621640b5c0734669aeb181ef77969b528487727344f28e734a206566ea0f1?s=96&d=mm&r=g","url":"https:\/\/secure.gravatar.com\/avatar\/0c4621640b5c0734669aeb181ef77969b528487727344f28e734a206566ea0f1?s=96&d=mm&r=g","height":96,"width":96}},"publisher":{"@type":"Organization","name":"juratex.cz","logo":{"@type":"ImageObject","@id":"\/logo.png","url":"\/logo.png","width":600,"height":60}},"image":{"@type":"ImageObject","@id":"https:\/\/www.juratex.cz\/wp-content\/uploads\/img_a344414_w2964_t1558252942.jpg","url":"https:\/\/www.juratex.cz\/wp-content\/uploads\/img_a344414_w2964_t1558252942.jpg","height":0,"width":0},"keywords":null},{"@type":"Article","@id":"https:\/\/www.juratex.cz\/novy-dum-za-700-tisic\/","headline":"Nov\u00fd d\u016fm za 700 tis\u00edc?","url":"https:\/\/www.juratex.cz\/novy-dum-za-700-tisic\/","datePublished":"2022-04-10","dateModified":"2023-05-07","mainEntityOfPage":"https:\/\/www.juratex.cz\/novy-dum-za-700-tisic\/","author":{"@type":"Person","@id":"https:\/\/www.juratex.cz\/author\/#Person","name":"","url":"https:\/\/www.juratex.cz\/author\/","identifier":1,"image":{"@type":"ImageObject","@id":"https:\/\/secure.gravatar.com\/avatar\/0c4621640b5c0734669aeb181ef77969b528487727344f28e734a206566ea0f1?s=96&d=mm&r=g","url":"https:\/\/secure.gravatar.com\/avatar\/0c4621640b5c0734669aeb181ef77969b528487727344f28e734a206566ea0f1?s=96&d=mm&r=g","height":96,"width":96}},"publisher":{"@type":"Organization","name":"juratex.cz","logo":{"@type":"ImageObject","@id":"\/logo.png","url":"\/logo.png","width":600,"height":60}},"image":{"@type":"ImageObject","@id":"https:\/\/www.juratex.cz\/wp-content\/uploads\/003299-697.jpg","url":"https:\/\/www.juratex.cz\/wp-content\/uploads\/003299-697.jpg","height":0,"width":0},"keywords":null},{"@type":"Article","@id":"https:\/\/www.juratex.cz\/vytvorte-z-chalupy-svuj-druhy-domov\/","headline":"Vytvo\u0159te z chalupy sv\u016fj druh\u00fd domov","url":"https:\/\/www.juratex.cz\/vytvorte-z-chalupy-svuj-druhy-domov\/","datePublished":"2020-06-20","dateModified":"2023-05-07","mainEntityOfPage":"https:\/\/www.juratex.cz\/vytvorte-z-chalupy-svuj-druhy-domov\/","author":{"@type":"Person","@id":"https:\/\/www.juratex.cz\/author\/#Person","name":"","url":"https:\/\/www.juratex.cz\/author\/","identifier":1,"image":{"@type":"ImageObject","@id":"https:\/\/secure.gravatar.com\/avatar\/0c4621640b5c0734669aeb181ef77969b528487727344f28e734a206566ea0f1?s=96&d=mm&r=g","url":"https:\/\/secure.gravatar.com\/avatar\/0c4621640b5c0734669aeb181ef77969b528487727344f28e734a206566ea0f1?s=96&d=mm&r=g","height":96,"width":96}},"publisher":{"@type":"Organization","name":"juratex.cz","logo":{"@type":"ImageObject","@id":"\/logo.png","url":"\/logo.png","width":600,"height":60}},"image":{"@type":"ImageObject","@id":"https:\/\/www.juratex.cz\/wp-content\/uploads\/Chata%20v%20hor%C3%A1ch.jpg","url":"https:\/\/www.juratex.cz\/wp-content\/uploads\/Chata%20v%20hor%C3%A1ch.jpg","height":0,"width":0},"keywords":null},{"@type":"Article","@id":"https:\/\/www.juratex.cz\/slovnik-architekta\/","headline":"Slovn\u00edk architekta","url":"https:\/\/www.juratex.cz\/slovnik-architekta\/","datePublished":"2020-06-20","dateModified":"2024-03-12","mainEntityOfPage":"https:\/\/www.juratex.cz\/slovnik-architekta\/","author":{"@type":"Person","@id":"https:\/\/www.juratex.cz\/author\/#Person","name":"","url":"https:\/\/www.juratex.cz\/author\/","identifier":1,"image":{"@type":"ImageObject","@id":"https:\/\/secure.gravatar.com\/avatar\/0c4621640b5c0734669aeb181ef77969b528487727344f28e734a206566ea0f1?s=96&d=mm&r=g","url":"https:\/\/secure.gravatar.com\/avatar\/0c4621640b5c0734669aeb181ef77969b528487727344f28e734a206566ea0f1?s=96&d=mm&r=g","height":96,"width":96}},"publisher":{"@type":"Organization","name":"juratex.cz","logo":{"@type":"ImageObject","@id":"\/logo.png","url":"\/logo.png","width":600,"height":60}},"image":{"@type":"ImageObject","@id":"https:\/\/www.juratex.cz\/wp-content\/uploads\/architektonick%C3%BD%20pl%C3%A1n.png","url":"https:\/\/www.juratex.cz\/wp-content\/uploads\/architektonick%C3%BD%20pl%C3%A1n.png","height":0,"width":0},"keywords":null},{"@type":"Article","@id":"https:\/\/www.juratex.cz\/bydlet-chytre-a-levne\/","headline":"Bydlet chyt\u0159e a levn\u011b","url":"https:\/\/www.juratex.cz\/bydlet-chytre-a-levne\/","datePublished":"2020-06-20","dateModified":"2023-05-07","mainEntityOfPage":"https:\/\/www.juratex.cz\/bydlet-chytre-a-levne\/","author":{"@type":"Person","@id":"https:\/\/www.juratex.cz\/author\/#Person","name":"","url":"https:\/\/www.juratex.cz\/author\/","identifier":1,"image":{"@type":"ImageObject","@id":"https:\/\/secure.gravatar.com\/avatar\/0c4621640b5c0734669aeb181ef77969b528487727344f28e734a206566ea0f1?s=96&d=mm&r=g","url":"https:\/\/secure.gravatar.com\/avatar\/0c4621640b5c0734669aeb181ef77969b528487727344f28e734a206566ea0f1?s=96&d=mm&r=g","height":96,"width":96}},"publisher":{"@type":"Organization","name":"juratex.cz","logo":{"@type":"ImageObject","@id":"\/logo.png","url":"\/logo.png","width":600,"height":60}},"image":{"@type":"ImageObject","@id":"https:\/\/www.juratex.cz\/wp-content\/uploads\/mobiln%C3%AD%20domy_2.jpg","url":"https:\/\/www.juratex.cz\/wp-content\/uploads\/mobiln%C3%AD%20domy_2.jpg","height":0,"width":0},"keywords":null},{"@type":"Article","@id":"https:\/\/www.juratex.cz\/kdo-poradi\/","headline":"Kdo porad\u00ed?","url":"https:\/\/www.juratex.cz\/kdo-poradi\/","datePublished":"2020-02-23","dateModified":"2023-05-07","mainEntityOfPage":"https:\/\/www.juratex.cz\/kdo-poradi\/","author":{"@type":"Person","@id":"https:\/\/www.juratex.cz\/author\/#Person","name":"","url":"https:\/\/www.juratex.cz\/author\/","identifier":1,"image":{"@type":"ImageObject","@id":"https:\/\/secure.gravatar.com\/avatar\/0c4621640b5c0734669aeb181ef77969b528487727344f28e734a206566ea0f1?s=96&d=mm&r=g","url":"https:\/\/secure.gravatar.com\/avatar\/0c4621640b5c0734669aeb181ef77969b528487727344f28e734a206566ea0f1?s=96&d=mm&r=g","height":96,"width":96}},"publisher":{"@type":"Organization","name":"juratex.cz","logo":{"@type":"ImageObject","@id":"\/logo.png","url":"\/logo.png","width":600,"height":60}},"image":{"@type":"ImageObject","@id":"https:\/\/www.juratex.cz\/wp-content\/uploads\/img_a379743_w4230_t1591265893.jpg","url":"https:\/\/www.juratex.cz\/wp-content\/uploads\/img_a379743_w4230_t1591265893.jpg","height":0,"width":0},"keywords":null},{"@type":"Article","@id":"https:\/\/www.juratex.cz\/kuchynska-pracovni-deska-musi-byt-odolna-a-kvalitni\/","headline":"Kuchy\u0148sk\u00e1 pracovn\u00ed deska mus\u00ed b\u00fdt odoln\u00e1 a kvalitn\u00ed","url":"https:\/\/www.juratex.cz\/kuchynska-pracovni-deska-musi-byt-odolna-a-kvalitni\/","datePublished":"2019-09-13","dateModified":"2023-05-07","mainEntityOfPage":"https:\/\/www.juratex.cz\/kuchynska-pracovni-deska-musi-byt-odolna-a-kvalitni\/","author":{"@type":"Person","@id":"https:\/\/www.juratex.cz\/author\/#Person","name":"","url":"https:\/\/www.juratex.cz\/author\/","identifier":1,"image":{"@type":"ImageObject","@id":"https:\/\/secure.gravatar.com\/avatar\/0c4621640b5c0734669aeb181ef77969b528487727344f28e734a206566ea0f1?s=96&d=mm&r=g","url":"https:\/\/secure.gravatar.com\/avatar\/0c4621640b5c0734669aeb181ef77969b528487727344f28e734a206566ea0f1?s=96&d=mm&r=g","height":96,"width":96}},"publisher":{"@type":"Organization","name":"juratex.cz","logo":{"@type":"ImageObject","@id":"\/logo.png","url":"\/logo.png","width":600,"height":60}},"image":{"@type":"ImageObject","@id":"https:\/\/www.juratex.cz\/wp-content\/uploads\/img_a343577_w1702_t1556538957.jpg","url":"https:\/\/www.juratex.cz\/wp-content\/uploads\/img_a343577_w1702_t1556538957.jpg","height":0,"width":0},"keywords":null},{"@type":"Article","@id":"https:\/\/www.juratex.cz\/jak-nalozit-se-starou-zdi-nebo-garazi-na-vasem-pozemku\/","headline":"Jak nalo\u017eit se starou zd\u00ed nebo gar\u00e1\u017e\u00ed na Va\u0161em pozemku?","url":"https:\/\/www.juratex.cz\/jak-nalozit-se-starou-zdi-nebo-garazi-na-vasem-pozemku\/","datePublished":"2019-09-08","dateModified":"2023-05-07","mainEntityOfPage":"https:\/\/www.juratex.cz\/jak-nalozit-se-starou-zdi-nebo-garazi-na-vasem-pozemku\/","author":{"@type":"Person","@id":"https:\/\/www.juratex.cz\/author\/#Person","name":"","url":"https:\/\/www.juratex.cz\/author\/","identifier":1,"image":{"@type":"ImageObject","@id":"https:\/\/secure.gravatar.com\/avatar\/0c4621640b5c0734669aeb181ef77969b528487727344f28e734a206566ea0f1?s=96&d=mm&r=g","url":"https:\/\/secure.gravatar.com\/avatar\/0c4621640b5c0734669aeb181ef77969b528487727344f28e734a206566ea0f1?s=96&d=mm&r=g","height":96,"width":96}},"publisher":{"@type":"Organization","name":"juratex.cz","logo":{"@type":"ImageObject","@id":"\/logo.png","url":"\/logo.png","width":600,"height":60}},"image":{"@type":"ImageObject","@id":"https:\/\/www.juratex.cz\/wp-content\/uploads\/img_a355032_w3406_t1569486939.jpg","url":"https:\/\/www.juratex.cz\/wp-content\/uploads\/img_a355032_w3406_t1569486939.jpg","height":0,"width":0},"keywords":null},{"@type":"Article","@id":"https:\/\/www.juratex.cz\/jak-pojistit-domacnost\/","headline":"Jak pojistit dom\u00e1cnost?","url":"https:\/\/www.juratex.cz\/jak-pojistit-domacnost\/","datePublished":"2019-02-12","dateModified":"2023-05-07","mainEntityOfPage":"https:\/\/www.juratex.cz\/jak-pojistit-domacnost\/","author":{"@type":"Person","@id":"https:\/\/www.juratex.cz\/author\/#Person","name":"","url":"https:\/\/www.juratex.cz\/author\/","identifier":1,"image":{"@type":"ImageObject","@id":"https:\/\/secure.gravatar.com\/avatar\/0c4621640b5c0734669aeb181ef77969b528487727344f28e734a206566ea0f1?s=96&d=mm&r=g","url":"https:\/\/secure.gravatar.com\/avatar\/0c4621640b5c0734669aeb181ef77969b528487727344f28e734a206566ea0f1?s=96&d=mm&r=g","height":96,"width":96}},"publisher":{"@type":"Organization","name":"juratex.cz","logo":{"@type":"ImageObject","@id":"\/logo.png","url":"\/logo.png","width":600,"height":60}},"image":{"@type":"ImageObject","@id":"https:\/\/www.juratex.cz\/wp-content\/uploads\/img_a335865_w2964_t1549135879.png","url":"https:\/\/www.juratex.cz\/wp-content\/uploads\/img_a335865_w2964_t1549135879.png","height":0,"width":0},"keywords":null},{"@type":"Article","@id":"https:\/\/www.juratex.cz\/pohovka-ktera-vam-nabidne-jenom-to-nejlepsi\/","headline":"Pohovka, kter\u00e1 V\u00e1m nab\u00eddne jenom to nejlep\u0161\u00ed","url":"https:\/\/www.juratex.cz\/pohovka-ktera-vam-nabidne-jenom-to-nejlepsi\/","datePublished":"2017-07-18","dateModified":"2023-05-07","mainEntityOfPage":"https:\/\/www.juratex.cz\/pohovka-ktera-vam-nabidne-jenom-to-nejlepsi\/","author":{"@type":"Person","@id":"https:\/\/www.juratex.cz\/author\/#Person","name":"","url":"https:\/\/www.juratex.cz\/author\/","identifier":1,"image":{"@type":"ImageObject","@id":"https:\/\/secure.gravatar.com\/avatar\/0c4621640b5c0734669aeb181ef77969b528487727344f28e734a206566ea0f1?s=96&d=mm&r=g","url":"https:\/\/secure.gravatar.com\/avatar\/0c4621640b5c0734669aeb181ef77969b528487727344f28e734a206566ea0f1?s=96&d=mm&r=g","height":96,"width":96}},"publisher":{"@type":"Organization","name":"juratex.cz","logo":{"@type":"ImageObject","@id":"\/logo.png","url":"\/logo.png","width":600,"height":60}},"image":{"@type":"ImageObject","@id":"https:\/\/www.juratex.cz\/wp-content\/uploads\/img_a297214_w2043_t1507798644.jpg","url":"https:\/\/www.juratex.cz\/wp-content\/uploads\/img_a297214_w2043_t1507798644.jpg","height":0,"width":0},"keywords":null}]}